{"id":451,"date":"2018-02-20T08:29:10","date_gmt":"2018-02-20T08:29:10","guid":{"rendered":"http:\/\/ruris.ro\/blog\/?p=451"},"modified":"2018-02-20T08:29:10","modified_gmt":"2018-02-20T08:29:10","slug":"conferinta-nationala-ruris-editia-2018","status":"publish","type":"post","link":"https:\/\/ruris.ro\/blog\/2018\/02\/20\/conferinta-nationala-ruris-editia-2018\/","title":{"rendered":"Conferin\u021ba Na\u021bional\u0103 RURIS &#8211; edi\u021bia 2018"},"content":{"rendered":"<p>\u00cen perioada <strong>15-17 februarie<\/strong>, compania <strong><span style=\"color: #ff9900;\">RURIS<\/span> <\/strong>a marcat aniversarea a 25 de ani de existen\u021b\u0103 \u00een Rom\u00e2nia, \u00een cadrul <strong>Conferin\u021bei Na\u021bionale RURIS<\/strong>, edi\u021bia 2018.<\/p>\n<p>Al\u0103turi de noi, echipa <strong><span style=\"color: #ff9900;\">RURIS<\/span><\/strong>, au fost principalii parteneri, s\u0103rb\u0103torind \u00een echip\u0103 acest moment important. Le mul\u021bumim pe aceast\u0103 cale pentru c\u0103 ne-au fost al\u0103turi!<\/p>\n<p>\u00cemplinind un sfert de veac de existen\u021b\u0103 putem afirma cu fermitate c\u0103 scriem istorie, prin parteneriate solide \u0219i prin proiecte ambi\u021bioase de viitor.<\/p>\n<h3>\n<strong>La mul\u021bi ani, <span style=\"color: #ff9900;\">RURIS<\/span>!<\/strong><\/h3>\n<p><img loading=\"lazy\" class=\"alignnone size-full wp-image-452\" src=\"http:\/\/ruris.ro\/blog\/wp-content\/uploads\/2018\/02\/RURIS-25-ANI.jpg\" alt=\"RURIS 25 de ani\" width=\"1000\" height=\"667\" srcset=\"https:\/\/ruris.ro\/blog\/wp-content\/uploads\/2018\/02\/RURIS-25-ANI.jpg 1000w, https:\/\/ruris.ro\/blog\/wp-content\/uploads\/2018\/02\/RURIS-25-ANI-300x200.jpg 300w, https:\/\/ruris.ro\/blog\/wp-content\/uploads\/2018\/02\/RURIS-25-ANI-768x512.jpg 768w\" sizes=\"(max-width: 1000px) 100vw, 1000px\" \/><\/p>\n","protected":false},"excerpt":{"rendered":"<p>\u00cen perioada 15-17 februarie, compania RURIS a marcat aniversarea a 25 de ani de existen\u021b\u0103 \u00een Rom\u00e2nia, \u00een cadrul Conferin\u021bei Na\u021bionale RURIS, edi\u021bia 2018. Al\u0103turi de noi, echipa RURIS, au fost principalii parteneri, s\u0103rb\u0103torind \u00een echip\u0103 acest moment important. Le mul\u021bumim pe aceast\u0103 cale pentru c\u0103 ne-au fost al\u0103turi! \u00cemplinind un sfert de veac de<\/p>\n","protected":false},"author":1,"featured_media":452,"comment_status":"open","ping_status":"open","sticky":false,"template":"","format":"standard","meta":[],"categories":[2],"tags":[99,79,100,101,42],"_links":{"self":[{"href":"https:\/\/ruris.ro\/blog\/wp-json\/wp\/v2\/posts\/451"}],"collection":[{"href":"https:\/\/ruris.ro\/blog\/wp-json\/wp\/v2\/posts"}],"about":[{"href":"https:\/\/ruris.ro\/blog\/wp-json\/wp\/v2\/types\/post"}],"author":[{"embeddable":true,"href":"https:\/\/ruris.ro\/blog\/wp-json\/wp\/v2\/users\/1"}],"replies":[{"embeddable":true,"href":"https:\/\/ruris.ro\/blog\/wp-json\/wp\/v2\/comments?post=451"}],"version-history":[{"count":3,"href":"https:\/\/ruris.ro\/blog\/wp-json\/wp\/v2\/posts\/451\/revisions"}],"predecessor-version":[{"id":455,"href":"https:\/\/ruris.ro\/blog\/wp-json\/wp\/v2\/posts\/451\/revisions\/455"}],"wp:featuredmedia":[{"embeddable":true,"href":"https:\/\/ruris.ro\/blog\/wp-json\/wp\/v2\/media\/452"}],"wp:attachment":[{"href":"https:\/\/ruris.ro\/blog\/wp-json\/wp\/v2\/media?parent=451"}],"wp:term":[{"taxonomy":"category","embeddable":true,"href":"https:\/\/ruris.ro\/blog\/wp-json\/wp\/v2\/categories?post=451"},{"taxonomy":"post_tag","embeddable":true,"href":"https:\/\/ruris.ro\/blog\/wp-json\/wp\/v2\/tags?post=451"}],"curies":[{"name":"wp","href":"https:\/\/api.w.org\/{rel}","templated":true}]}}